	{"id":32220,"date":"2023-02-20T11:24:08","date_gmt":"2023-02-20T10:24:08","guid":{"rendered":"https:\/\/www.krupps.com\/?p=32220"},"modified":"2024-02-16T10:56:15","modified_gmt":"2024-02-16T09:56:15","slug":"internorga-2024","status":"publish","type":"post","link":"https:\/\/www.krupps.com\/de\/blog\/internorga-2024\/","title":{"rendered":"INTERNORGA 2024"},"content":{"rendered":"\n<div style=\"height:28px\" aria-hidden=\"true\" class=\"wp-block-spacer\"><\/div>\n\n\n<div class=\"wp-block-image\">\n<figure class=\"aligncenter size-full\"><img loading=\"lazy\" decoding=\"async\" width=\"800\" height=\"300\" src=\"https:\/\/www.krupps.com\/wp-content\/uploads\/2024\/02\/Banner-Internorga-2024-2.png\" alt=\"\" class=\"wp-image-32254\"\/><\/figure><\/div>\n\n\n<div style=\"height:56px\" aria-hidden=\"true\" class=\"wp-block-spacer\"><\/div>\n\n\n\n<p><\/p>\n\n\n\n<p class=\"has-text-align-center has-medium-font-size\"><strong>Die INTERNORGA, die f\u00fchrende Fachmesse f\u00fcr Hotellerie und Gastronomie, kehrt vom 8. bis 12. M\u00e4rz nach Hamburg zur\u00fcck!<\/strong><\/p>\n\n\n\n<div style=\"height:27px\" aria-hidden=\"true\" class=\"wp-block-spacer\"><\/div>\n\n\n\n<p class=\"has-text-align-center has-medium-font-size\">Krupps erwartet Sie in<strong> Halle B6 &#8211; Stand 239<\/strong>, wo Sie sich \u00fcber alle Innovationen in der Welt des professionellen Waschens informieren k\u00f6nnen.<\/p>\n\n\n\n<p class=\"has-text-align-center has-medium-font-size\">Unser Team freut sich darauf, Ihnen die diesj\u00e4hrigen Innovationen vorzustellen, darunter die brandneue <strong><a href=\"https:\/\/kera.krupps.com\/de\/\">Kera-Linie<\/a><\/strong>, <a href=\"https:\/\/www.krupps.com\/en\/blog\/ikloud\/\"><strong>Ikloud<\/strong>,<\/a> der innovative Service f\u00fcr ein besseres Servicemanagement, und <strong><a href=\"https:\/\/www.krupps.com\/de\/kleancode\/\">kleancode<\/a><\/strong>, die intelligente Art, Waschmittel zu verwalten.<\/p>\n\n\n\n<p class=\"has-text-align-center has-medium-font-size\">Es ist eine einmalige Gelegenheit, unser unerm\u00fcdliches Engagement f\u00fcr die Bereitstellung von Produkten und Dienstleistungen von herausragender Qualit\u00e4t f\u00fcr unsere Kunden direkt zu erleben.<\/p>\n\n\n\n<p class=\"has-text-align-center has-medium-font-size\">Verpassen Sie es nicht!<\/p>\n\n\n\n<p class=\"has-text-align-center has-medium-font-size\">Kommen Sie und entdecken Sie die neue \u00c4ra des professionellen Waschens!<\/p>\n\n\n\n<div style=\"height:36px\" aria-hidden=\"true\" class=\"wp-block-spacer\"><\/div>\n\n\n\n<p class=\"has-text-align-center has-medium-font-size\"><\/p>\n\n\n<div class=\"wp-block-image\">\n<figure class=\"aligncenter size-large\"><a href=\"https:\/\/kera.krupps.com\/de\/\"><img loading=\"lazy\" decoding=\"async\" width=\"1024\" height=\"577\" src=\"https:\/\/www.krupps.com\/wp-content\/uploads\/2023\/12\/Copertina-fb-1024x577.png\" alt=\"\" class=\"wp-image-31970\"\/><\/a><\/figure><\/div>","protected":false},"excerpt":{"rendered":"<p>Die INTERNORGA, die f\u00fchrende Fachmesse f\u00fcr Hotellerie und Gastronomie, kehrt vom 8. bis 12. M\u00e4rz nach Hamburg zur\u00fcck! Krupps erwartet Sie in Halle B6 &#8211; Stand 239, wo Sie sich \u00fcber alle Innovationen in der Welt des professionellen Waschens informieren k\u00f6nnen. Unser Team freut sich darauf, Ihnen die diesj\u00e4hrigen Innovationen vorzustellen, darunter die brandneue Kera-Linie,&hellip;<\/p>\n","protected":false},"author":3,"featured_media":30014,"comment_status":"closed","ping_status":"closed","sticky":false,"template":"","format":"standard","meta":{"_acf_changed":false,"footnotes":""},"categories":[112],"tags":[297,290,298,321,322],"class_list":["post-32220","post","type-post","status-publish","format-standard","has-post-thumbnail","hentry","category-fiere-eventi-de","tag-fiera-de","tag-geschirrspuler","tag-horeca-de","tag-internorga-de","tag-krupps-de","category-112","description-off"],"acf":[],"_links":{"self":[{"href":"https:\/\/www.krupps.com\/de\/wp-json\/wp\/v2\/posts\/32220","targetHints":{"allow":["GET"]}}],"collection":[{"href":"https:\/\/www.krupps.com\/de\/wp-json\/wp\/v2\/posts"}],"about":[{"href":"https:\/\/www.krupps.com\/de\/wp-json\/wp\/v2\/types\/post"}],"author":[{"embeddable":true,"href":"https:\/\/www.krupps.com\/de\/wp-json\/wp\/v2\/users\/3"}],"replies":[{"embeddable":true,"href":"https:\/\/www.krupps.com\/de\/wp-json\/wp\/v2\/comments?post=32220"}],"version-history":[{"count":2,"href":"https:\/\/www.krupps.com\/de\/wp-json\/wp\/v2\/posts\/32220\/revisions"}],"predecessor-version":[{"id":32276,"href":"https:\/\/www.krupps.com\/de\/wp-json\/wp\/v2\/posts\/32220\/revisions\/32276"}],"wp:featuredmedia":[{"embeddable":true,"href":"https:\/\/www.krupps.com\/de\/wp-json\/wp\/v2\/media\/30014"}],"wp:attachment":[{"href":"https:\/\/www.krupps.com\/de\/wp-json\/wp\/v2\/media?parent=32220"}],"wp:term":[{"taxonomy":"category","embeddable":true,"href":"https:\/\/www.krupps.com\/de\/wp-json\/wp\/v2\/categories?post=32220"},{"taxonomy":"post_tag","embeddable":true,"href":"https:\/\/www.krupps.com\/de\/wp-json\/wp\/v2\/tags?post=32220"}],"curies":[{"name":"wp","href":"https:\/\/api.w.org\/{rel}","templated":true}]}}